[{"@context":"https:\/\/schema.org\/","@type":"Article","@id":"https:\/\/www.kosma.sk\/vypadavaju-vam-vlasy\/#Article","mainEntityOfPage":"https:\/\/www.kosma.sk\/vypadavaju-vam-vlasy\/","headline":"VYPAD\u00c1VAJ\u00da V\u00c1M VLASY?","name":"VYPAD\u00c1VAJ\u00da V\u00c1M VLASY?","description":"Vlasy s\u00fa korunou kr\u00e1sy. Ke\u010f sa diev\u010da chyst\u00e1 na nejak\u00fa v\u00fdznamn\u00fa udalos\u0165, d\u00e1 sa pekne o\u010desa\u0165, aby vynikla. Ke\u010f ju opust\u00ed frajer alebo jej ubl\u00ed\u017ei, &hellip;","datePublished":"2018-04-29","dateModified":"2018-04-29","author":{"@type":"Person","@id":"https:\/\/www.kosma.sk\/author\/#Person","name":"","url":"https:\/\/www.kosma.sk\/author\/","identifier":1,"image":{"@type":"ImageObject","@id":"https:\/\/secure.gravatar.com\/avatar\/f2ab007ed309e3d84abcf4139c5580b2bc94c721f9294eeb027f25de56e0a35e?s=96&d=mm&r=g","url":"https:\/\/secure.gravatar.com\/avatar\/f2ab007ed309e3d84abcf4139c5580b2bc94c721f9294eeb027f25de56e0a35e?s=96&d=mm&r=g","height":96,"width":96}},"publisher":{"@type":"Organization","name":"kosma.sk","logo":{"@type":"ImageObject","@id":"\/logo.png","url":"\/logo.png","width":600,"height":60}},"image":{"@type":"ImageObject","@id":"https:\/\/www.kosma.sk\/wp-content\/uploads\/img_a289212_w16503_t1530280132.jpg","url":"https:\/\/www.kosma.sk\/wp-content\/uploads\/img_a289212_w16503_t1530280132.jpg","height":0,"width":0},"url":"https:\/\/www.kosma.sk\/vypadavaju-vam-vlasy\/","wordCount":412,"articleBody":"Vlasy s\u00fa korunou kr\u00e1sy. Ke\u010f sa diev\u010da chyst\u00e1 na nejak\u00fa v\u00fdznamn\u00fa udalos\u0165, d\u00e1 sa pekne o\u010desa\u0165, aby vynikla. Ke\u010f ju opust\u00ed frajer alebo jej ubl\u00ed\u017ei, poc\u00edti, \u017ee by chcela zmenu. Pr\u00e1ve vtedy si zvykn\u00fa \u017eeny zafarbi\u0165 vlasy alebo zmeni\u0165 strih. Vlasy toti\u017e vyjadruj\u00fa celkov\u00e9 na\u0161e spr\u00e1vanie, ale aj \u010dosi navy\u0161e. To \u010do by ste asi nepredpokladali. Je to prekvapiv\u00e9, ale je to skuto\u010dne tak!NA\u0160E STRAVOVANIEVlasy s\u00fa odrazom toho ako sa star\u00e1me celkovo o\u00a0svoje telo. M\u00f4\u017eeme pou\u017e\u00edva\u0165 v\u0161elijak\u00e9 balzamy, masky, \u0161peci\u00e1lne \u0161amp\u00f3ny a\u00a0ktovie \u010do e\u0161te, ale pokia\u013e vlasy nevy\u017eivujeme zvn\u00fatra, bude n\u00e1m to v\u0161etko na ni\u010d. Vlasy toti\u017e potrebuj\u00fa ur\u010dit\u00e9 vitam\u00edny. Tie im najlep\u0161ie dod\u00e1me z\u00a0rozmanitej, pestrej a\u00a0vyv\u00e1\u017eenej stravy.VITAM\u00cdNY S\u00da Z\u00c1KLAD.Najlep\u0161ie na v\u00fd\u017eivu vlasov urob\u00edte, ke\u010f si za de\u0148 hod\u00edte do \u00fast zop\u00e1r hocijak\u00fdch orechov. Vla\u0161sk\u00fdch orechov, ke\u0161u, para, mandl\u00ed alebo proste hocijak\u00fdch in\u00fdch. Ni\u010d t\u00fdm nepokaz\u00edte a\u00a0e\u0161te si pom\u00f4\u017eete.\u00a0\u00a0Hoci je paradoxom, ale vlasy si skoro ka\u017ed\u00fd v\u0161imne ako prv\u00e9. S\u00fa odumret\u00e9 \u2013 m\u0155tve \u010dasti n\u00e1\u0161ho tela a\u00a0napriek tomu sa im venuje to\u013ek\u00e1 pozornos\u0165. Je to ve\u013ek\u00fd paradox. To\u013ek\u00e1 pozornos\u0165 sa im venuje u\u017e dlh\u00e9 st\u00e1ro\u010dia a\u00a0v\u00a0moment\u00e1lnej dobe je najv\u00e4\u010d\u0161\u00ed trend nech\u00e1va\u0165 si ich nar\u00e1s\u0165.Okrem toho, \u017ee sa n\u00e1m m\u00f4\u017eu l\u00e1ma\u0165, n\u00e1m m\u00f4\u017eu aj vypad\u00e1va\u0165. Vypad\u00e1va\u0165 m\u00f4\u017eu aj z\u00a0d\u00f4sledkov hormon\u00e1lnych zmien v\u00a0na\u0161om organizme. Pr\u00edpadne nejak\u00fdch chor\u00f4b, \u010do ale ur\u010dite nebude v\u00e1\u0161 pr\u00edpad. Aspo\u0148 tak v\u00e1m to \u017eel\u00e1m :).Aby v\u00e1m vlasy ostali aj na\u010falej korunou kr\u00e1sy a\u00a0vy ste sa s\u00a0nimi mohli p\u00fd\u0161i\u0165 e\u0161te dlh\u00e9 roky. Ja sama obdivujem kr\u00e1sne dlho\u010dizn\u00e9 vlasy, ktor\u00e9 s\u00fa \u00fah\u013eadn\u00e9, nedol\u00e1man\u00e9, vy\u017eiven\u00e9 a\u00a0leskl\u00e9. A\u00a0nie preto, \u017ee maj\u00fa \u0161peci\u00e1lnu starostlivos\u0165 \u0161amp\u00f3nov a\u00a0podobn\u00fdch vec\u00ed, ale preto, \u017ee vlasy vy\u017eivuj\u00fa ich majite\u013eka zvn\u00fatra. Nezabudnite na to pri najbli\u017e\u0161ej pr\u00edle\u017eitosti, ke\u010f si p\u00f4jdete da\u0165 nie\u010do pod zub. Nech je to nie\u010do v\u00fd\u017eivn\u00e9. Nielen pre va\u0161u postavu, ale aj pre va\u0161u korunu kr\u00e1sy \u2013 VLASY.                                                                                                                                                                                                                                                                                                                                                                                                "},{"@context":"https:\/\/schema.org\/","@type":"BreadcrumbList","itemListElement":[{"@type":"ListItem","position":1,"name":"VYPAD\u00c1VAJ\u00da V\u00c1M VLASY?","item":"https:\/\/www.kosma.sk\/vypadavaju-vam-vlasy\/#breadcrumbitem"}]}]