[{"@context":"https:\/\/schema.org\/","@type":"Article","@id":"https:\/\/www.kosma.sk\/urobte-nieco-s-vasimi-nechtami\/#Article","mainEntityOfPage":"https:\/\/www.kosma.sk\/urobte-nieco-s-vasimi-nechtami\/","headline":"Urobte nie\u010do s va\u0161imi nechtami","name":"Urobte nie\u010do s va\u0161imi nechtami","description":"Mali ste niekedy pocit, \u017ee m\u00f4\u017eete urobi\u0165 nie\u010do preto, aby ste vyzerali kraj\u0161ie? \u017deny sa t\u00fdm za\u010dn\u00fa v\u00e4\u010d\u0161inou zaobera\u0165 automaticky vtedy, ke\u010f prich\u00e1dza leto, preto\u017ee &hellip;","datePublished":"2018-04-21","dateModified":"2023-04-28","author":{"@type":"Person","@id":"https:\/\/www.kosma.sk\/author\/#Person","name":"","url":"https:\/\/www.kosma.sk\/author\/","identifier":1,"image":{"@type":"ImageObject","@id":"https:\/\/secure.gravatar.com\/avatar\/f2ab007ed309e3d84abcf4139c5580b2bc94c721f9294eeb027f25de56e0a35e?s=96&d=mm&r=g","url":"https:\/\/secure.gravatar.com\/avatar\/f2ab007ed309e3d84abcf4139c5580b2bc94c721f9294eeb027f25de56e0a35e?s=96&d=mm&r=g","height":96,"width":96}},"publisher":{"@type":"Organization","name":"kosma.sk","logo":{"@type":"ImageObject","@id":"\/logo.png","url":"\/logo.png","width":600,"height":60}},"image":{"@type":"ImageObject","@id":"https:\/\/www.kosma.sk\/wp-content\/uploads\/img_a288699_w2010_t1529574216.jpg","url":"https:\/\/www.kosma.sk\/wp-content\/uploads\/img_a288699_w2010_t1529574216.jpg","height":0,"width":0},"url":"https:\/\/www.kosma.sk\/urobte-nieco-s-vasimi-nechtami\/","wordCount":392,"articleBody":"  Mali ste niekedy pocit, \u017ee m\u00f4\u017eete urobi\u0165 nie\u010do preto, aby ste vyzerali kraj\u0161ie? \u017deny sa t\u00fdm za\u010dn\u00fa v\u00e4\u010d\u0161inou zaobera\u0165 automaticky vtedy, ke\u010f prich\u00e1dza leto, preto\u017ee si uvedomia, \u017ee ukazuj\u00fa viac zo svojho tela. A to nehovor\u00edme len o tom, \u017ee sa zameriavate na to, \u017ee by ste chceli schudn\u00fa\u0165 alebo \u017ee mysl\u00edte na to, \u010do v\u0161etko by ste chceli urobi\u0165 preto, aby ste dobre vyzerali. Hovor\u00edme aj o in\u00fdch veciach. Hovor\u00edme o farb\u00e1ch, hovor\u00edme o mali\u010dkostiach, ktor\u00e9 proste tvoria celkov\u00fd \u201eletn\u00fd v\u00fdzor\u201c, ktor\u00fd v\u00e1s jednoducho bav\u00ed. A mus\u00edte sa zamera\u0165 na to, \u010do je pre v\u00e1s naozaj d\u00f4le\u017eit\u00e9.\u010co znamen\u00e1 leto? Chcete by\u0165 \u0161t\u00edhla. \u00c1no, to je nie\u010do, po \u010dom t\u00fa\u017eime v\u0161etky. Ale nie je to nie\u010do, na \u010do by ste sa mali v prvom rade zameriava\u0165. Aj ke\u010f je jasn\u00e9, \u017ee pr\u00e1ve vtedy by sme chceli nie\u010do so svojou postavou urobi\u0165. Za\u010d\u00edname sa menej l\u00ed\u010di\u0165. Tv\u00e1r sa pod vrstvou mejkapu naozaj dos\u0165 pot\u00ed, a to je d\u00f4vod, pre\u010do \u010dasto mysl\u00edme hlavne na to, ako sa nama\u013eova\u0165 \u010do najmenej. Napriek tomu chceme ma\u0165 na sebe nie\u010do v\u00fdrazn\u00e9, \u010do je pre n\u00e1s d\u00f4le\u017eit\u00e9. Niektor\u00e9 \u017eeny to tak proste c\u00edtia. Mysl\u00edme na manik\u00faru a na pedik\u00faru. Ukazujeme nohy v sand\u00e1lkach, ale aj ruky, preto\u017ee u\u017e nenos\u00edme rukavice. A ako na manik\u00faru? Aj ke\u010f nie ka\u017ed\u00e9mu sa p\u00e1\u010dia umel\u00e9 nechty, m\u00f4\u017eete ma\u0165 na nich nie\u010do kvalitn\u00e9, \u010do ale reprezentuje nie\u010do \u00faplne in\u00e9. Nie\u010do, \u010do nevyzer\u00e1 neprirodzene, ale vydr\u017e\u00ed aj utieranie prachu a um\u00fdvanie riadov. Je to hlavne g\u00e9l lak, ktor\u00fd je v poslednej dobe ove\u013ea popul\u00e1rnej\u0161\u00ed ako g\u00e9l, v prvom rade pre to, ako vyzer\u00e1 na nechtoch. Niet sa \u010domu \u010dudova\u0165, \u017eeny predsa v dne\u0161nej dobe miluj\u00fa jemn\u00fa prirodzenos\u0165, a to je nie\u010do, \u010do je pre ne naozaj ve\u013emi d\u00f4le\u017eit\u00e9. Tak sa nad t\u00fdm zamyslite a uvid\u00edte samy, \u017ee presne toto je nie\u010do, \u010do v\u00e1s bude bavi\u0165. Mus\u00edte si len vybra\u0165, ak\u00fd vzor a farbu si zvol\u00edte, ale to u\u017e je najmenej.                                                                                                                                                                                                                                                                                                                                                                                                 "},{"@context":"https:\/\/schema.org\/","@type":"BreadcrumbList","itemListElement":[{"@type":"ListItem","position":1,"name":"Urobte nie\u010do s va\u0161imi nechtami","item":"https:\/\/www.kosma.sk\/urobte-nieco-s-vasimi-nechtami\/#breadcrumbitem"}]}]