[{"@context":"https:\/\/schema.org\/","@type":"Article","@id":"https:\/\/www.kosma.sk\/pozrite-sa-na-to-co-chcete-vy\/#Article","mainEntityOfPage":"https:\/\/www.kosma.sk\/pozrite-sa-na-to-co-chcete-vy\/","headline":"Pozrite sa na to, \u010do chcete vy","name":"Pozrite sa na to, \u010do chcete vy","description":"Ke\u010f som bola mlad\u0161ia, sn\u00edvala som o tom, \u017ee bude v\u0161etko presne tak\u00e9, ako som sn\u00edvala. Nech sa deje \u010doko\u013evek, mus\u00edte si dr\u017ea\u0165 svoje sny &hellip;","datePublished":"2018-11-11","dateModified":"2023-04-28","author":{"@type":"Person","@id":"https:\/\/www.kosma.sk\/author\/#Person","name":"","url":"https:\/\/www.kosma.sk\/author\/","identifier":1,"image":{"@type":"ImageObject","@id":"https:\/\/secure.gravatar.com\/avatar\/f2ab007ed309e3d84abcf4139c5580b2bc94c721f9294eeb027f25de56e0a35e?s=96&d=mm&r=g","url":"https:\/\/secure.gravatar.com\/avatar\/f2ab007ed309e3d84abcf4139c5580b2bc94c721f9294eeb027f25de56e0a35e?s=96&d=mm&r=g","height":96,"width":96}},"publisher":{"@type":"Organization","name":"kosma.sk","logo":{"@type":"ImageObject","@id":"\/logo.png","url":"\/logo.png","width":600,"height":60}},"image":{"@type":"ImageObject","@id":"https:\/\/www.kosma.sk\/wp-content\/uploads\/img_a293753_w16469_t1543075396.jpg","url":"https:\/\/www.kosma.sk\/wp-content\/uploads\/img_a293753_w16469_t1543075396.jpg","height":0,"width":0},"url":"https:\/\/www.kosma.sk\/pozrite-sa-na-to-co-chcete-vy\/","wordCount":406,"articleBody":" Ke\u010f som bola mlad\u0161ia, sn\u00edvala som o tom, \u017ee bude v\u0161etko presne tak\u00e9, ako som sn\u00edvala. Nech sa deje \u010doko\u013evek, mus\u00edte si dr\u017ea\u0165 svoje sny z detstva. A ak\u00e9 boli tie moje? Chcela som by\u0165 kr\u00e1sna. Chcela som by\u0165 \u00faspe\u0161n\u00e1. A chcela som vyzera\u0165 ako modelky z \u010dasopisov. Aj ke\u010f mo\u017eno niekedy nemus\u00edte rozm\u00fd\u0161\u013ea\u0165 nad t\u00fdm, \u010do je okolo v\u00e1s, mali by ste sa pozrie\u0165 na to, \u010do naozaj chcete. A ke\u010f som chcela by\u0165 kr\u00e1sna, bolo mi viac, ne\u017e len jasn\u00e9, \u017ee som jedin\u00fd \u010dlovek, ktor\u00fd s t\u00fdm m\u00f4\u017ee a mus\u00ed nie\u010do urobi\u0165. Ono to predsa nie je len tak. Mus\u00edme sa pozrie\u0165 na veci re\u00e1lne a mus\u00edme sa pozastavi\u0165 nad t\u00fdm, \u010do sme skuto\u010dne ochotn\u00fd urobi\u0165, aby boli veci lep\u0161ie a kraj\u0161ie. Aj ke\u010f sa to mo\u017eno celkom nezd\u00e1. Vedela som, \u010do naozaj chcem, aby bolo na mne v\u00fdrzan\u00e9.Boli to o\u010di. O tom som v\u017edy sn\u00edvala a bolo mi jasn\u00e9, \u017ee som jedin\u00fd \u010dlovek, ktor\u00fd s t\u00fdm m\u00f4\u017ee nie\u010do urobi\u0165. Rozhodla som sa preto, \u017ee si zaostar\u00e1m umel\u00e9 mihalnice. Moje o\u010di sa mi p\u00e1\u010dili, ale moje riasy? Tie teda neboli ni\u010d moc. A aj ke\u010f sa v\u00e1m to mo\u017eno nezd\u00e1, niekedy skuto\u010dne sta\u010d\u00ed mali\u010dkos\u0165 k tomu, aby boli o\u010di obrovsk\u00e9, kr\u00e1sne a priam dokonal\u00e9. A ja som to tak\u00fdmto sp\u00f4sobom dosiahla. Ma\u0165 umel\u00e9 mihalnicebolo nie\u010do, po \u010dom som v k\u00fatiku du\u0161e v\u017edy t\u00fa\u017eila, ale hanbila som sa o tom hovori\u0165, preto\u017ee predsa len, bolo to nie\u010do, \u010do \u013eudia u\u017e z princ\u00edpu odsudzovali. Neviem pre\u010do, asi preto, \u017ee to p\u00f4sob\u00ed umelo. Ale ke\u010f si vyberiete dobre a ke\u010f ste rozhodnut\u00fd, \u017ee to, \u010do naozaj vid\u00edte, je pre v\u00e1s to prav\u00e9, tak u\u017e viac nem\u00e1te nad \u010d\u00edm prem\u00fd\u0161\u013ea\u0165. Sta\u010d\u00ed len, ke\u010f urob\u00edte v\u0161etko preto, aby ste boli sami so sebou spokojn\u00fd. Sta\u010d\u00ed naozaj tak m\u00e1lo. A viete, \u010do e\u0161te? Sta\u010d\u00ed, ke\u010f sa to bude p\u00e1\u010di\u0165 v\u00e1m. Preto som sa rozhodla, \u017ee u\u017e \u010fal\u0161ie veci nebudem rie\u0161i\u0165. Sta\u010d\u00ed, ke\u010f sa na to pozriem presne tak\u00fdmto sp\u00f4sobom, no nie? Nakoniec je to presne to, \u010do by \u010dlovek mal chcie\u0165.                                                                                                                                                                                                                                                                                                                                                                                                 "},{"@context":"https:\/\/schema.org\/","@type":"BreadcrumbList","itemListElement":[{"@type":"ListItem","position":1,"name":"Pozrite sa na to, \u010do chcete vy","item":"https:\/\/www.kosma.sk\/pozrite-sa-na-to-co-chcete-vy\/#breadcrumbitem"}]}]