[{"@context":"https:\/\/schema.org\/","@type":"Article","@id":"https:\/\/www.kosma.sk\/kultura-v-jedle-aj-vo-svete\/#Article","mainEntityOfPage":"https:\/\/www.kosma.sk\/kultura-v-jedle-aj-vo-svete\/","headline":"Kult\u00fara v jedle aj vo svete","name":"Kult\u00fara v jedle aj vo svete","description":"M\u00e1me jar v plnom pr\u00fade tento t\u00fd\u017ede\u0148 n\u00e1m prich\u00e1dzaj\u00fa jarn\u00e9 teploty koncom t\u00fd\u017ed\u0148a a\u017e 27 stup\u0148ov\u00a0 ale tie tepl\u00e9 dni ako na hojda\u010dke e\u0161te. Teraz &hellip;","datePublished":"2023-09-04","dateModified":"2024-04-04","author":{"@type":"Person","@id":"https:\/\/www.kosma.sk\/author\/#Person","name":"","url":"https:\/\/www.kosma.sk\/author\/","identifier":1,"image":{"@type":"ImageObject","@id":"https:\/\/secure.gravatar.com\/avatar\/f2ab007ed309e3d84abcf4139c5580b2bc94c721f9294eeb027f25de56e0a35e?s=96&d=mm&r=g","url":"https:\/\/secure.gravatar.com\/avatar\/f2ab007ed309e3d84abcf4139c5580b2bc94c721f9294eeb027f25de56e0a35e?s=96&d=mm&r=g","height":96,"width":96}},"publisher":{"@type":"Organization","name":"kosma.sk","logo":{"@type":"ImageObject","@id":"\/logo.png","url":"\/logo.png","width":600,"height":60}},"image":{"@type":"ImageObject","@id":"https:\/\/www.kosma.sk\/wp-content\/uploads\/cooking-5880136_640_2.jpg","url":"https:\/\/www.kosma.sk\/wp-content\/uploads\/cooking-5880136_640_2.jpg","height":0,"width":0},"url":"https:\/\/www.kosma.sk\/kultura-v-jedle-aj-vo-svete\/","about":["Kult\u00fara"],"wordCount":575,"articleBody":"M\u00e1me jar v plnom pr\u00fade tento t\u00fd\u017ede\u0148 n\u00e1m prich\u00e1dzaj\u00fa jarn\u00e9 teploty koncom t\u00fd\u017ed\u0148a a\u017e 27 stup\u0148ov\u00a0 ale tie tepl\u00e9 dni ako na hojda\u010dke e\u0161te. Teraz r\u00e1no o 8.20 je zatia\u013e 10 stup\u0148ov. \u010co sa t\u00fdka kult\u00fary je dos\u0165 m\u00e1lo vyu\u017e\u00edva .Ja dnes po dlhom \u010dase sa chcem kult\u00farne vybehn\u00fa\u0165 chcem \u00eds\u0165 do na\u0161ej kni\u017enici bola som tam naposledy pred COVID 19 v\u00f4bec nest\u00edham nakopila sa mi pr\u00e1ca ale \u010do sa t\u00fdka vzdel\u00e1vania dou\u010dovania to trva\u0165 len 3 mesiace ubehne to my lektori tzv. u\u010ditelia to m\u00e1me n\u00e1ro\u010dne vid\u00edm to na sebe ka\u0161lem u\u017e 2 t\u00fd\u017edne. Chcela by som do bud\u00faca \u0161\u00edri\u0165 osvetu na \u0161kol\u00e1ch . Vzdel\u00e1va\u0165 \u017eiakov a pod. oh\u013eadne stravovania m\u00e1lo je to propagovan\u00e9 ale mali by by\u0165 tak\u00e9to predn\u00e1\u0161ky aj v Kult\u00farnych domoch . Rob\u00ed to aj m\u00f4j kamar\u00e1t resp. robil neviem \u010di to rob\u00ed e\u0161te nako\u013eko neb\u00fdvame v ZLATYCH MORAVCIACH u\u017e 15 rokov. Ja si chcem aj dnes zacvi\u010di\u0165 ke\u010f aj od 18 do 19 hod. Ja idem zase na VEGETARIANSTVO resp. VEGANSTVO.Ja aj pri varen\u00ed sa sna\u017e\u00edm da\u0165 kult\u00faru do jedla. Ja sa zameriavam na som tak\u00e1 ORDOXNA \u010do sa t\u00fdka stravy pou\u017e\u00edvam CELEOZRNU m\u00faku aj in\u00e9 n\u00e1hrady m\u00fak bezlepkov\u00fa a in\u00e9 neuzn\u00e1vam ako biela m\u00faka. Dnes skoro r\u00e1no som bola na po\u0161te a i\u0161la som do obchodu aj naber\u00e1te ur\u010dit\u00e9 vedomosti. \u010co sa t\u00fdka jedla malo by nie len vyzera\u0165 ale aj chuti\u0165 . Mne ke\u010f zn\u00e1ma fotila jedla des a ak\u00e9 chv\u00e1li. VEGETARIANSTVO vn\u00edmame ako alternat\u00edvny sp\u00f4sob stravovania v\u00fd\u017eiva do ktorej by sme mohli obsahuje prvky r\u00f4znych foriem stravovania. Takou \u010dere\u0161ni\u010dkou na torte je preva\u017ene \u017ee strava pozost\u00e1va viac menej z rastlinn\u00fdch surov\u00edn. M\u00e1me skupinu \u013eud\u00ed vegetari\u00e1nov ktor\u00fd vynech\u00e1vaj\u00fa len ur\u010dit\u00e9 druhy m\u00e4sov\u00fdch produktov. Ako in\u00fd zase nejedia v\u00f4bec \u017eivo\u010d\u00ed\u0161ne produkty. Toto sa vol\u00e1 veg\u00e1nstvo tieto smery maj\u00fa ve\u013ek\u00fd bum r\u00fdchle u \u013eud\u00ed rast\u00fa. Ja sa sna\u017e\u00edm vynech\u00e1va\u0165 aj cukor ako tak\u00fd lebo cukor je jed aj biela m\u00faka. Na\u0161i predkovia nepoznali vymlet\u00fa bielu ani rafinovan\u00fd cukor to len doba priniesla. V Bratislave ka\u017ed\u00fd rok na jar b\u00fdvaj\u00fa VEGANSKE HODY jaj ako by som i\u0161la keby je to v na\u0161om okrese moc \u010faleko . Bola som s\u00edce pred p\u00e1r rokmi v BA\u00a0 ale to je naposledy cirka 7 rokov . Jedine VEGANSKA RESTAURACIA\u00a0 je v Nitre ob\u010das som tam za\u0161la ke\u010f som bola v Nitre. V\u010dera na Mark\u00edze d\u00e1vali bistro VEGETARIANSKE Mart\u00edn tam urobil riadny vietor ten majite\u013e je VEGETARIAN\u00a0 od\u00a0 mala\u00a0 u\u017e jeho oco bol VEGETARIAN uzn\u00e1vam tak\u00fdch \u013eud\u00ed ktor\u00fd sa uberaj\u00fa tak\u00fdmto smerom zdrav\u00e9ho stravovania. T\u00ed \u013eudia s\u00fa zdrav\u0161\u00ed nepoznaj\u00fa chronick\u00e9 choroby idem sa aj ja lie\u010di\u0165 stravou m\u00e1m mo\u017enos\u0165 m\u00e1m z\u00e1hradku tak si sad\u00edm. Ak p\u00f4jdem do LIDLA bud\u00faci t\u00fd\u017ede\u0148 k\u00fapim si \u0161parg\u013eu zelen\u00fa milujem t\u00fa jarn\u00fa zeleninu dnes na obed poh\u00e1nka. Podstate som VEGETARIANKA u\u017e p\u00e1r rokov aj ke\u010f som ob\u010das poru\u0161ila ale v\u017edy ma to tam tah\u00e1.                                                                                                                                                                                                                                                                                                                                                                                                "},{"@context":"https:\/\/schema.org\/","@type":"BreadcrumbList","itemListElement":[{"@type":"ListItem","position":1,"name":"Kult\u00fara v jedle aj vo svete","item":"https:\/\/www.kosma.sk\/kultura-v-jedle-aj-vo-svete\/#breadcrumbitem"}]}]